{"id":188,"date":"2019-06-14T09:38:49","date_gmt":"2019-06-14T12:38:49","guid":{"rendered":"http:\/\/rentokilservicios.com.ar\/BioservEmpresarial\/?p=188"},"modified":"2021-10-07T13:16:29","modified_gmt":"2021-10-07T16:16:29","slug":"los-murcielagos-plaga-o-control-biologico","status":"publish","type":"post","link":"https:\/\/rentokilservicios.com.ar\/BioservEmpresarial\/index.php\/2019\/06\/14\/los-murcielagos-plaga-o-control-biologico\/","title":{"rendered":"Los  murci\u00e9lagos   \u00bfPlaga o control biol\u00f3gico?"},"content":{"rendered":"\n<h4 class=\"wp-block-heading\">De 1200 especies de murci\u00e9lagos, 63 pueden encontrarse en Argentina, aliment\u00e1ndose el 70% de  estos con insectos<\/h4>\n\n\n\n<figure class=\"wp-block-image\"><img decoding=\"async\" src=\"https:\/\/cdn.tn.com.ar\/sites\/default\/files\/styles\/1366x765\/public\/2019\/01\/30\/murcielagos-en-buenos-aires.jpg\" alt=\"\"\/><\/figure>\n\n\n\n<p>Esta especie es naturalmente un controlador de importantes plagas como polillas y cucarachas, que pueden llegar a consumir la mitad de su peso en insectos por noche. <a href=\"http:\/\/www.revistachacra.com.ar\/nota\/27741-proponen-a-los-murcielagos-como-controladores-de-plagas\/\">Actualmente se estudia la posibilidad de implementar en territorios argentinos, espec\u00edficamente en Mendoza, a los murci\u00e9lagos para proteger los cultivos<\/a>. <\/p>\n\n\n\n<p>Marisol Capurro, M\u00e9dico veterinaria y delegada de Mendoza del PCMA, explic\u00f3 que deben erradicarse muchos de los mitos que hay en torno a los murci\u00e9lagos y potenciar sus virtudes como  controladores naturales de plagas , adem\u00e1s de sus beneficios para el ecosistema y capacidad de forestaci\u00f3n.<\/p>\n\n\n\n<h3 class=\"wp-block-heading\"><em>Eliminemos el mayor de los mitos<\/em><\/h3>\n\n\n\n<p>El murci\u00e9lago, como todos los mam\u00edferos, es portador de la rabia. Esta virosis sigue generando temor en todos, ya que sigue siendo un importante problema de Salud P\u00fablica. <\/p>\n\n\n\n<div class=\"wp-block-image\"><figure class=\"alignright is-resized\"><img loading=\"lazy\" decoding=\"async\" src=\"https:\/\/ideasmedioambientales.com\/wp-content\/uploads\/2016\/10\/Moth-and-bat-e1482040276895.jpg\" alt=\"\" width=\"302\" height=\"198\"\/><\/figure><\/div>\n\n\n\n<p>Aunque el perro suele ser el principal reservorio y transmisor de la rabia en humanos, en aquellos pa\u00edses donde la vacunaci\u00f3n ya est\u00e1 extendida, el murci\u00e9lago pasa a ser el principal riesgo.<\/p>\n\n\n\n<p>Existen muchas teor\u00edas y premisas sobre la rabia en murci\u00e9lagos. No podemos tomar partido de ninguna, pero en lo que realmente concuerdan todas, es que la cantidad de murci\u00e9lagos transmisores   es mucho menor de la que se cree.  Adem\u00e1s, seg\u00fan el profesor de biolog\u00eda, Crist\u00f3bal Galindo, de la Universidad Aut\u00f3noma de M\u00e9xico, un murci\u00e9lago hemat\u00f3fago al contraer el virus de la rabia se aleja de la colonia para no contagiar a los dem\u00e1s. <\/p>\n\n\n\n<p>Algunos afirman que el principal problema de los murci\u00e9lagos, es que pueden transmitir la rabia por medio de heces y orinas. Otros, por el contrario, dicen que si bien , han existido algunos casos de rabia en personas, esta es diferente a la rabia terrestre, por lo que es dif\u00edcil contagiarse  e incluso, es imposible que el virus se transmita de un murci\u00e9lago a un perro. <\/p>\n\n\n\n<p>Lo seguro es que es menor al 5% total de los murci\u00e9lagos los que son portadores de la rabia. Incluso el<a href=\"http:\/\/secemu.org\/quienes-somos\/\"> Secemu<\/a>, asociaci\u00f3n espa\u00f1ola para la conservaci\u00f3n de los murci\u00e9lagos, afirma que el grado de murci\u00e9lagos portadores de la rabia es inferior al 1%. <\/p>\n\n\n\n<p>En conclusi\u00f3n, el murci\u00e9lago est\u00e1 pasando de ser una plaga a un controlador natural de plagas. Con las medidas preventivas necesarias, los riesgos de contagio de rabia son casi inexistentes, abriendo una oportunidad para que los grandes campos est\u00e9n protegidos sin el uso de qu\u00edmicos, mejorando la calidad de nuestros alimentos  y por ende de nuestra salud. <\/p>\n\n\n\n<blockquote style=\"text-align:right\" class=\"wp-block-quote is-layout-flow wp-block-quote-is-layout-flow\"><p>Stefania Silva<br>www.rentokilservicios.com.ar<\/p><cite>Bioserv S.A.<\/cite><\/blockquote>\n","protected":false},"excerpt":{"rendered":"<p>El murci\u00e9lago, de a poco pasa de ser una plaga a una nueva herramienta para el control de insectos<\/p>\n","protected":false},"author":1,"featured_media":194,"comment_status":"open","ping_status":"open","sticky":false,"template":"","format":"standard","meta":{"footnotes":""},"categories":[16,1],"tags":[],"class_list":["post-188","post","type-post","status-publish","format-standard","has-post-thumbnail","hentry","category-control-de-plagas","category-uncategorized"],"_links":{"self":[{"href":"https:\/\/rentokilservicios.com.ar\/BioservEmpresarial\/index.php\/wp-json\/wp\/v2\/posts\/188","targetHints":{"allow":["GET"]}}],"collection":[{"href":"https:\/\/rentokilservicios.com.ar\/BioservEmpresarial\/index.php\/wp-json\/wp\/v2\/posts"}],"about":[{"href":"https:\/\/rentokilservicios.com.ar\/BioservEmpresarial\/index.php\/wp-json\/wp\/v2\/types\/post"}],"author":[{"embeddable":true,"href":"https:\/\/rentokilservicios.com.ar\/BioservEmpresarial\/index.php\/wp-json\/wp\/v2\/users\/1"}],"replies":[{"embeddable":true,"href":"https:\/\/rentokilservicios.com.ar\/BioservEmpresarial\/index.php\/wp-json\/wp\/v2\/comments?post=188"}],"version-history":[{"count":3,"href":"https:\/\/rentokilservicios.com.ar\/BioservEmpresarial\/index.php\/wp-json\/wp\/v2\/posts\/188\/revisions"}],"predecessor-version":[{"id":195,"href":"https:\/\/rentokilservicios.com.ar\/BioservEmpresarial\/index.php\/wp-json\/wp\/v2\/posts\/188\/revisions\/195"}],"wp:featuredmedia":[{"embeddable":true,"href":"https:\/\/rentokilservicios.com.ar\/BioservEmpresarial\/index.php\/wp-json\/wp\/v2\/media\/194"}],"wp:attachment":[{"href":"https:\/\/rentokilservicios.com.ar\/BioservEmpresarial\/index.php\/wp-json\/wp\/v2\/media?parent=188"}],"wp:term":[{"taxonomy":"category","embeddable":true,"href":"https:\/\/rentokilservicios.com.ar\/BioservEmpresarial\/index.php\/wp-json\/wp\/v2\/categories?post=188"},{"taxonomy":"post_tag","embeddable":true,"href":"https:\/\/rentokilservicios.com.ar\/BioservEmpresarial\/index.php\/wp-json\/wp\/v2\/tags?post=188"}],"curies":[{"name":"wp","href":"https:\/\/api.w.org\/{rel}","templated":true}]}}